{"id":33019,"date":"2025-01-31T15:44:55","date_gmt":"2025-01-31T14:44:55","guid":{"rendered":"https:\/\/rentaltec.com\/we-are-nominated-as-a-trends-gazelle-2025-for-antwerp\/"},"modified":"2026-02-17T14:50:35","modified_gmt":"2026-02-17T13:50:35","slug":"nous-avons-ete-nommes-trends-gazelle-2025-pour-anvers","status":"publish","type":"post","link":"https:\/\/rentaltec.com\/fr\/nous-avons-ete-nommes-trends-gazelle-2025-pour-anvers\/","title":{"rendered":"Nous avons \u00e9t\u00e9 nomm\u00e9s Trends Gazelle 2025 pour Anvers !"},"content":{"rendered":"\n<p class=\"wp-block-paragraph\">Depuis la cr\u00e9ation de RentalTec en 2018, nous avons eu la chance de conna\u00eetre une croissance continue et impressionnante, et ces r\u00e9ussites sont d\u00e9sormais r\u00e9compens\u00e9es par une nomination en tant que Trends Gazelle 2025 pour Anvers.&nbsp;<\/p>\n\n\n\n<p class=\"wp-block-paragraph\">Chaque ann\u00e9e, le magazine Trends reconna\u00eet 250 entreprises \u00e0 forte croissance par province, s\u00e9lectionn\u00e9es sur la base de r\u00e9sultats clairs et mesurables. Cette nomination est attribu\u00e9e aux entreprises qui ont d\u00e9montr\u00e9es une croissance dans diff\u00e9rents domaines, tels que la valeur ajout\u00e9e, l&#8217;augmentation des employ\u00e9s et l&#8217;am\u00e9lioration du flux de tr\u00e9sorerie sur une p\u00e9riode de cinq ans.<\/p>\n\n\n\n<p class=\"wp-block-paragraph\">Ces crit\u00e8res mettent en \u00e9vidence non seulement la sant\u00e9 financi\u00e8re et l&#8217;ind\u00e9pendance d&#8217;une entreprise, mais aussi son engagement en faveur du d\u00e9veloppement durable et ses ambitions de croissance. Les entreprises qui obtiennent ce titre sont consid\u00e9r\u00e9es comme des acteurs cl\u00e9s de l&#8217;\u00e9conomie. Elles se distinguent par leur innovation, inspirent les autres et servent souvent de mod\u00e8le \u00e0 leurs pairs. Pour notre \u00e9quipe, cette nomination est une reconnaissance dont nous sommes tr\u00e8s fiers !&nbsp;<\/p>\n\n\n\n<p class=\"wp-block-paragraph\">La c\u00e9r\u00e9monie de remise des prix aura lieu le 19\/03\/2025. D\u00e8s le mois de f\u00e9vrier, vous pourrez \u00e9galement d\u00e9couvrir les autres nomin\u00e9s sur le canal Z.<\/p>\n\n\n\n<figure class=\"wp-block-image size-large\"><img fetchpriority=\"high\" decoding=\"async\" width=\"1024\" height=\"267\" src=\"https:\/\/rentaltec.com\/wp-content\/uploads\/2025\/01\/TrendsGazelle-nominatie-1024x267.jpg\" alt=\"\" class=\"wp-image-20777\" srcset=\"https:\/\/rentaltec.com\/wp-content\/uploads\/2025\/01\/TrendsGazelle-nominatie-1024x267.jpg 1024w, https:\/\/rentaltec.com\/wp-content\/uploads\/2025\/01\/TrendsGazelle-nominatie-300x78.jpg 300w, https:\/\/rentaltec.com\/wp-content\/uploads\/2025\/01\/TrendsGazelle-nominatie-600x157.jpg 600w, https:\/\/rentaltec.com\/wp-content\/uploads\/2025\/01\/TrendsGazelle-nominatie-768x200.jpg 768w, https:\/\/rentaltec.com\/wp-content\/uploads\/2025\/01\/TrendsGazelle-nominatie-1536x401.jpg 1536w, https:\/\/rentaltec.com\/wp-content\/uploads\/2025\/01\/TrendsGazelle-nominatie-650x170.jpg 650w, https:\/\/rentaltec.com\/wp-content\/uploads\/2025\/01\/TrendsGazelle-nominatie.jpg 1920w\" sizes=\"(max-width: 1024px) 100vw, 1024px\" \/><\/figure>\n\n\n\n<p class=\"wp-block-paragraph\">\u00a0<br>Vous voulez en savoir plus ? <a href=\"https:\/\/trendsgazellen.be\/\" target=\"_blank\" rel=\"noreferrer noopener\">https:\/\/trendsgazellen.be\/<\/a><\/p>\n","protected":false},"excerpt":{"rendered":"<p>Depuis la cr\u00e9ation de RentalTec en 2018, nous avons eu la chance de conna\u00eetre une croissance continue et impressionnante, et ces r\u00e9ussites sont d\u00e9sormais r\u00e9compens\u00e9es par une nomination en tant que Trends Gazelle 2025 pour Anvers.&nbsp; Chaque ann\u00e9e, le magazine Trends reconna\u00eet 250 entreprises \u00e0 forte croissance par province, s\u00e9lectionn\u00e9es sur la base de r\u00e9sultats [&hellip;]<\/p>\n","protected":false},"author":7,"featured_media":20771,"comment_status":"open","ping_status":"open","sticky":false,"template":"","format":"standard","meta":{"_acf_changed":false,"content-type":"","footnotes":""},"categories":[1808],"tags":[],"class_list":["post-33019","post","type-post","status-publish","format-standard","has-post-thumbnail","hentry","category-dans-les-coulisses"],"acf":[],"_links":{"self":[{"href":"https:\/\/rentaltec.com\/fr\/wp-json\/wp\/v2\/posts\/33019","targetHints":{"allow":["GET"]}}],"collection":[{"href":"https:\/\/rentaltec.com\/fr\/wp-json\/wp\/v2\/posts"}],"about":[{"href":"https:\/\/rentaltec.com\/fr\/wp-json\/wp\/v2\/types\/post"}],"author":[{"embeddable":true,"href":"https:\/\/rentaltec.com\/fr\/wp-json\/wp\/v2\/users\/7"}],"replies":[{"embeddable":true,"href":"https:\/\/rentaltec.com\/fr\/wp-json\/wp\/v2\/comments?post=33019"}],"version-history":[{"count":2,"href":"https:\/\/rentaltec.com\/fr\/wp-json\/wp\/v2\/posts\/33019\/revisions"}],"predecessor-version":[{"id":33021,"href":"https:\/\/rentaltec.com\/fr\/wp-json\/wp\/v2\/posts\/33019\/revisions\/33021"}],"wp:featuredmedia":[{"embeddable":true,"href":"https:\/\/rentaltec.com\/fr\/wp-json\/wp\/v2\/media\/20771"}],"wp:attachment":[{"href":"https:\/\/rentaltec.com\/fr\/wp-json\/wp\/v2\/media?parent=33019"}],"wp:term":[{"taxonomy":"category","embeddable":true,"href":"https:\/\/rentaltec.com\/fr\/wp-json\/wp\/v2\/categories?post=33019"},{"taxonomy":"post_tag","embeddable":true,"href":"https:\/\/rentaltec.com\/fr\/wp-json\/wp\/v2\/tags?post=33019"}],"curies":[{"name":"wp","href":"https:\/\/api.w.org\/{rel}","templated":true}]}}